{"id":468,"date":"2019-11-02T18:45:46","date_gmt":"2019-11-02T17:45:46","guid":{"rendered":"http:\/\/www.anne-lan.com\/?p=468"},"modified":"2020-09-19T12:53:26","modified_gmt":"2020-09-19T10:53:26","slug":"appel-a-financement-pour-une-bande-dessinee-consacree-a-jeanne-villepreux-power","status":"publish","type":"post","link":"https:\/\/www.anne-lan.com\/?p=468","title":{"rendered":"Appel \u00e0 financement pour une Bande dessin\u00e9e consacr\u00e9e \u00e0 Jeanne Villepreux-Power (Cliquez pour voir un extrait)"},"content":{"rendered":"\n<figure class=\"wp-block-image\"><img loading=\"lazy\" decoding=\"async\" width=\"724\" height=\"1024\" src=\"https:\/\/www.anne-lan.com\/wp-content\/uploads\/2019\/11\/appel-financement-Yannick_Lelardoux_Jeanne_Villepreux-Power-724x1024.jpg\" alt=\"\" class=\"wp-image-469\" srcset=\"https:\/\/www.anne-lan.com\/wp-content\/uploads\/2019\/11\/appel-financement-Yannick_Lelardoux_Jeanne_Villepreux-Power.jpg 724w, https:\/\/www.anne-lan.com\/wp-content\/uploads\/2019\/11\/appel-financement-Yannick_Lelardoux_Jeanne_Villepreux-Power-212x300.jpg 212w, https:\/\/www.anne-lan.com\/wp-content\/uploads\/2019\/11\/appel-financement-Yannick_Lelardoux_Jeanne_Villepreux-Power-600x849.jpg 600w\" sizes=\"auto, (max-width: 724px) 100vw, 724px\" \/><\/figure>\n\n\n\n<p>Voir le dossier de pr\u00e9sentation et un extrait de la bande dessin\u00e9e :<\/p>\n\n\n\n<div style=\"text-align:center;\"><div style=\"margin:8px 0px 4px;\"><a href=\"https:\/\/www.calameo.com\/books\/0018150154181f7e9822e\" target=\"_blank\" rel=\"noopener noreferrer\">Bande dessin\u00e9e Jeanne Villepreux Power<\/a><\/div><iframe loading=\"lazy\" src=\"\/\/v.calameo.com\/?bkcode=0018150154181f7e9822e\" width=\"300\" height=\"194\" frameborder=\"0\" scrolling=\"no\" allowtransparency allowfullscreen style=\"margin:0 auto;\"><\/iframe><div style=\"margin:4px 0px 8px;\"><a href=\"http:\/\/www.calameo.com\/\">Publish at Calameo<\/a><\/div><\/div>\n\n\n\n<p><\/p>\n\n\n\n<p>Si vous \u00eates int\u00e9ress\u00e9, merci de contacter directement l&rsquo;auteur : yannick.lelardoux(at)gmail.com<\/p>\n","protected":false},"excerpt":{"rendered":"<p>Voir le dossier de pr\u00e9sentation et un extrait de la bande dessin\u00e9e : Bande dessin\u00e9e Jeanne Villepreux Power Publish at Calameo Si vous \u00eates int\u00e9ress\u00e9, merci de contacter directement l&rsquo;auteur : yannick.lelardoux(at)gmail.com<\/p>\n","protected":false},"author":1,"featured_media":469,"comment_status":"closed","ping_status":"closed","sticky":false,"template":"","format":"standard","meta":{"footnotes":""},"categories":[30],"tags":[32,33,11],"class_list":["post-468","post","type-post","status-publish","format-standard","has-post-thumbnail","hentry","category-jeanne-villepreux-power","tag-bande-dessine","tag-financement","tag-jeanne-villepreux-power"],"_links":{"self":[{"href":"https:\/\/www.anne-lan.com\/index.php?rest_route=\/wp\/v2\/posts\/468","targetHints":{"allow":["GET"]}}],"collection":[{"href":"https:\/\/www.anne-lan.com\/index.php?rest_route=\/wp\/v2\/posts"}],"about":[{"href":"https:\/\/www.anne-lan.com\/index.php?rest_route=\/wp\/v2\/types\/post"}],"author":[{"embeddable":true,"href":"https:\/\/www.anne-lan.com\/index.php?rest_route=\/wp\/v2\/users\/1"}],"replies":[{"embeddable":true,"href":"https:\/\/www.anne-lan.com\/index.php?rest_route=%2Fwp%2Fv2%2Fcomments&post=468"}],"version-history":[{"count":3,"href":"https:\/\/www.anne-lan.com\/index.php?rest_route=\/wp\/v2\/posts\/468\/revisions"}],"predecessor-version":[{"id":496,"href":"https:\/\/www.anne-lan.com\/index.php?rest_route=\/wp\/v2\/posts\/468\/revisions\/496"}],"wp:featuredmedia":[{"embeddable":true,"href":"https:\/\/www.anne-lan.com\/index.php?rest_route=\/wp\/v2\/media\/469"}],"wp:attachment":[{"href":"https:\/\/www.anne-lan.com\/index.php?rest_route=%2Fwp%2Fv2%2Fmedia&parent=468"}],"wp:term":[{"taxonomy":"category","embeddable":true,"href":"https:\/\/www.anne-lan.com\/index.php?rest_route=%2Fwp%2Fv2%2Fcategories&post=468"},{"taxonomy":"post_tag","embeddable":true,"href":"https:\/\/www.anne-lan.com\/index.php?rest_route=%2Fwp%2Fv2%2Ftags&post=468"}],"curies":[{"name":"wp","href":"https:\/\/api.w.org\/{rel}","templated":true}]}}